{"id":333,"date":"2025-01-30T18:42:21","date_gmt":"2025-01-30T18:42:21","guid":{"rendered":"https:\/\/ktopytaniebladzi.com\/?p=333"},"modified":"2025-01-30T18:42:22","modified_gmt":"2025-01-30T18:42:22","slug":"dlaczego-warto-zaczac-medytowac","status":"publish","type":"post","link":"https:\/\/ktopytaniebladzi.com\/index.php\/2025\/01\/30\/dlaczego-warto-zaczac-medytowac\/","title":{"rendered":"Dlaczego warto zacz\u0105\u0107 medytowa\u0107?"},"content":{"rendered":"\n<p>Medytacja to praktyka, kt\u00f3ra zdobywa coraz wi\u0119ksz\u0105 popularno\u015b\u0107 w dzisiejszym zabieganym \u015bwiecie, ale czy naprawd\u0119 warto zacz\u0105\u0107 medytowa\u0107? W tym odcinku podcastu <strong>kto pyta nie b\u0142\u0105dzi<\/strong> wsp\u00f3lnie z Dorot\u0105 Tulej-Malik rozmawiamy o tym, jak medytacja wp\u0142ywa na nasze \u017cycie i dlaczego powinna sta\u0107 si\u0119 cz\u0119\u015bci\u0105 naszej codziennej rutyny.<\/p>\n\n\n\n<p><strong>O czym rozmawiamy?<\/strong><br>\ud83d\udd39 Jakie korzy\u015bci przynosi regularna praktyka medytacji?<br>\ud83d\udd39 Jak medytacja pomaga w redukcji stresu, poprawie koncentracji oraz w dbaniu o zdrowie psychiczne i fizyczne?<br>\ud83d\udd39 Kto mo\u017ce, a nawet powinien zacz\u0105\u0107 medytowa\u0107 \u2013 bez wzgl\u0119du na do\u015bwiadczenie?<br>\ud83d\udd39 Jak medytacja pomaga lepiej pozna\u0107 samego siebie i radzi\u0107 sobie z trudnymi emocjami?<\/p>\n\n\n\n<p><strong>Dlaczego warto pos\u0142ucha\u0107?<\/strong><br>Ten odcinek jest dla ka\u017cdego, kto chce dowiedzie\u0107 si\u0119, jak medytacja mo\u017ce wp\u0142yn\u0105\u0107 na jego \u017cycie \u2013 niezale\u017cnie od tego, czy dopiero zaczynasz, czy praktykujesz od lat. Otrzymasz cenne wskaz\u00f3wki, jak wprowadzi\u0107 medytacj\u0119 do swojego \u017cycia, jakie techniki mog\u0105 Ci pom\u00f3c oraz jak medytacja wspiera w znalezieniu wewn\u0119trznego spokoju i harmonii.<\/p>\n\n\n\n<p>Zr\u00f3b pierwszy krok w stron\u0119 wewn\u0119trznej r\u00f3wnowagi i rozpocznij swoj\u0105 przygod\u0119 z medytacj\u0105!<\/p>\n\n\n\n<iframe style=\"border-radius:12px\" src=\"https:\/\/open.spotify.com\/embed\/episode\/1Y9l4MqkcbTKa01Q0ysZAN\/video?utm_source=generator\" width=\"496\" height=\"279\" frameBorder=\"0\" allowfullscreen=\"\" allow=\"autoplay; clipboard-write; encrypted-media; fullscreen; picture-in-picture\" loading=\"lazy\"><\/iframe>\n\n\n\n<p><strong>Subskrybuj nasz kana\u0142, aby by\u0107 na bie\u017c\u0105co z kolejnymi inspiruj\u0105cymi odcinkami i podziel si\u0119 swoimi do\u015bwiadczeniami z medytacj\u0105 w komentarzach.<\/strong><\/p>\n\n\n\n<iframe loading=\"lazy\" width=\"560\" height=\"315\" src=\"https:\/\/www.youtube.com\/embed\/L7gicuwlsFU?si=08AP7at0CaG-_Xe3\" title=\"YouTube video player\" frameborder=\"0\" allow=\"accelerometer; autoplay; clipboard-write; encrypted-media; gyroscope; picture-in-picture; web-share\" referrerpolicy=\"strict-origin-when-cross-origin\" allowfullscreen><\/iframe>\n\n\n\n<p>\ud83d\udd4a\ufe0f <strong>Zainspiruj si\u0119 i wprowad\u017a medytacj\u0119 do swojego \u017cycia!<\/strong><\/p>\n\n\n\n<p>Medytuj \ud83e\udd0c\ud83c\udffc<\/p>\n\n\n\n<iframe style=\"border-radius:12px\" src=\"https:\/\/open.spotify.com\/embed\/episode\/31tiCg2J6GgnP6Sx4w1esA?utm_source=generator\" width=\"100%\" height=\"152\" frameBorder=\"0\" allowfullscreen=\"\" allow=\"autoplay; clipboard-write; encrypted-media; fullscreen; picture-in-picture\" loading=\"lazy\"><\/iframe>\n\n\n\n<p><\/p>\n","protected":false},"excerpt":{"rendered":"<p>Medytacja to praktyka, kt\u00f3ra zdobywa coraz wi\u0119ksz\u0105 popularno\u015b\u0107 w dzisiejszym zabieganym \u015bwiecie, ale czy naprawd\u0119 warto zacz\u0105\u0107 medytowa\u0107? W tym odcinku podcastu kto pyta nie b\u0142\u0105dzi wsp\u00f3lnie z Dorot\u0105 Tulej-Malik rozmawiamy o tym, jak medytacja wp\u0142ywa na nasze \u017cycie i dlaczego powinna sta\u0107 si\u0119 cz\u0119\u015bci\u0105 naszej codziennej rutyny. O czym rozmawiamy?\ud83d\udd39 Jakie korzy\u015bci przynosi regularna &hellip; <\/p>\n<p class=\"link-more\"><a href=\"https:\/\/ktopytaniebladzi.com\/index.php\/2025\/01\/30\/dlaczego-warto-zaczac-medytowac\/\" class=\"more-link\">Read more<span class=\"screen-reader-text\"> &#8222;Dlaczego warto zacz\u0105\u0107 medytowa\u0107?&#8221;<\/span><\/a><\/p>\n","protected":false},"author":2,"featured_media":0,"comment_status":"open","ping_status":"open","sticky":false,"template":"","format":"standard","meta":{"footnotes":""},"categories":[1],"tags":[],"class_list":["post-333","post","type-post","status-publish","format-standard","hentry","category-uncategorized"],"yoast_head":"<!-- This site is optimized with the Yoast SEO plugin v20.3 - https:\/\/yoast.com\/wordpress\/plugins\/seo\/ -->\n<title>Dlaczego warto zacz\u0105\u0107 medytowa\u0107? - kto pyta nie b\u0142\u0105dzi<\/title>\n<meta name=\"description\" content=\"Dlaczego warto zacz\u0105\u0107 medytowa\u0107? kto pyta nie b\u0142\u0105dzi -\" \/>\n<meta name=\"robots\" content=\"index, follow, max-snippet:-1, max-image-preview:large, max-video-preview:-1\" \/>\n<link rel=\"canonical\" href=\"http:\/\/ktopytaniebladzi.com\/index.php\/2025\/01\/30\/dlaczego-warto-zaczac-medytowac\/\" \/>\n<meta property=\"og:locale\" content=\"pl_PL\" \/>\n<meta property=\"og:type\" content=\"article\" \/>\n<meta property=\"og:title\" content=\"Dlaczego warto zacz\u0105\u0107 medytowa\u0107? - kto pyta nie b\u0142\u0105dzi\" \/>\n<meta property=\"og:description\" content=\"Dlaczego warto zacz\u0105\u0107 medytowa\u0107? kto pyta nie b\u0142\u0105dzi -\" \/>\n<meta property=\"og:url\" content=\"http:\/\/ktopytaniebladzi.com\/index.php\/2025\/01\/30\/dlaczego-warto-zaczac-medytowac\/\" \/>\n<meta property=\"og:site_name\" content=\"kto pyta nie b\u0142\u0105dzi\" \/>\n<meta property=\"article:publisher\" content=\"https:\/\/www.facebook.com\/bartosz.matras\" \/>\n<meta property=\"article:author\" content=\"https:\/\/www.facebook.com\/bartosz.matras\" \/>\n<meta property=\"article:published_time\" content=\"2025-01-30T18:42:21+00:00\" \/>\n<meta property=\"article:modified_time\" content=\"2025-01-30T18:42:22+00:00\" \/>\n<meta name=\"author\" content=\"Bartosz Matras\" \/>\n<meta name=\"twitter:card\" content=\"summary_large_image\" \/>\n<meta name=\"twitter:label1\" content=\"Napisane przez\" \/>\n\t<meta name=\"twitter:data1\" content=\"Bartosz Matras\" \/>\n\t<meta name=\"twitter:label2\" content=\"Szacowany czas czytania\" \/>\n\t<meta name=\"twitter:data2\" content=\"2 minuty\" \/>\n<script type=\"application\/ld+json\" class=\"yoast-schema-graph\">{\"@context\":\"https:\/\/schema.org\",\"@graph\":[{\"@type\":\"Article\",\"@id\":\"http:\/\/ktopytaniebladzi.com\/index.php\/2025\/01\/30\/dlaczego-warto-zaczac-medytowac\/#article\",\"isPartOf\":{\"@id\":\"http:\/\/ktopytaniebladzi.com\/index.php\/2025\/01\/30\/dlaczego-warto-zaczac-medytowac\/\"},\"author\":{\"name\":\"Bartosz Matras\",\"@id\":\"https:\/\/ktopytaniebladzi.com\/#\/schema\/person\/88a1256ccb31aae1f3a4d7162116135c\"},\"headline\":\"Dlaczego warto zacz\u0105\u0107 medytowa\u0107?\",\"datePublished\":\"2025-01-30T18:42:21+00:00\",\"dateModified\":\"2025-01-30T18:42:22+00:00\",\"mainEntityOfPage\":{\"@id\":\"http:\/\/ktopytaniebladzi.com\/index.php\/2025\/01\/30\/dlaczego-warto-zaczac-medytowac\/\"},\"wordCount\":220,\"commentCount\":0,\"publisher\":{\"@id\":\"https:\/\/ktopytaniebladzi.com\/#\/schema\/person\/88a1256ccb31aae1f3a4d7162116135c\"},\"articleSection\":[\"Uncategorized\"],\"inLanguage\":\"pl-PL\",\"potentialAction\":[{\"@type\":\"CommentAction\",\"name\":\"Comment\",\"target\":[\"http:\/\/ktopytaniebladzi.com\/index.php\/2025\/01\/30\/dlaczego-warto-zaczac-medytowac\/#respond\"]}]},{\"@type\":\"WebPage\",\"@id\":\"http:\/\/ktopytaniebladzi.com\/index.php\/2025\/01\/30\/dlaczego-warto-zaczac-medytowac\/\",\"url\":\"http:\/\/ktopytaniebladzi.com\/index.php\/2025\/01\/30\/dlaczego-warto-zaczac-medytowac\/\",\"name\":\"Dlaczego warto zacz\u0105\u0107 medytowa\u0107? - kto pyta nie b\u0142\u0105dzi\",\"isPartOf\":{\"@id\":\"https:\/\/ktopytaniebladzi.com\/#website\"},\"datePublished\":\"2025-01-30T18:42:21+00:00\",\"dateModified\":\"2025-01-30T18:42:22+00:00\",\"description\":\"Dlaczego warto zacz\u0105\u0107 medytowa\u0107? kto pyta nie b\u0142\u0105dzi -\",\"breadcrumb\":{\"@id\":\"http:\/\/ktopytaniebladzi.com\/index.php\/2025\/01\/30\/dlaczego-warto-zaczac-medytowac\/#breadcrumb\"},\"inLanguage\":\"pl-PL\",\"potentialAction\":[{\"@type\":\"ReadAction\",\"target\":[\"http:\/\/ktopytaniebladzi.com\/index.php\/2025\/01\/30\/dlaczego-warto-zaczac-medytowac\/\"]}]},{\"@type\":\"BreadcrumbList\",\"@id\":\"http:\/\/ktopytaniebladzi.com\/index.php\/2025\/01\/30\/dlaczego-warto-zaczac-medytowac\/#breadcrumb\",\"itemListElement\":[{\"@type\":\"ListItem\",\"position\":1,\"name\":\"Strona g\u0142\u00f3wna\",\"item\":\"https:\/\/ktopytaniebladzi.com\/\"},{\"@type\":\"ListItem\",\"position\":2,\"name\":\"Dlaczego warto zacz\u0105\u0107 medytowa\u0107?\"}]},{\"@type\":\"WebSite\",\"@id\":\"https:\/\/ktopytaniebladzi.com\/#website\",\"url\":\"https:\/\/ktopytaniebladzi.com\/\",\"name\":\"kto pyta nie b\u0142\u0105dzi\",\"description\":\"Podcast by Bartosz Matras\",\"publisher\":{\"@id\":\"https:\/\/ktopytaniebladzi.com\/#\/schema\/person\/88a1256ccb31aae1f3a4d7162116135c\"},\"potentialAction\":[{\"@type\":\"SearchAction\",\"target\":{\"@type\":\"EntryPoint\",\"urlTemplate\":\"https:\/\/ktopytaniebladzi.com\/?s={search_term_string}\"},\"query-input\":\"required name=search_term_string\"}],\"inLanguage\":\"pl-PL\"},{\"@type\":[\"Person\",\"Organization\"],\"@id\":\"https:\/\/ktopytaniebladzi.com\/#\/schema\/person\/88a1256ccb31aae1f3a4d7162116135c\",\"name\":\"Bartosz Matras\",\"image\":{\"@type\":\"ImageObject\",\"inLanguage\":\"pl-PL\",\"@id\":\"https:\/\/ktopytaniebladzi.com\/#\/schema\/person\/image\/\",\"url\":\"https:\/\/ktopytaniebladzi.com\/wp-content\/uploads\/2023\/03\/Bartosz-10.2.jpg\",\"contentUrl\":\"https:\/\/ktopytaniebladzi.com\/wp-content\/uploads\/2023\/03\/Bartosz-10.2.jpg\",\"width\":724,\"height\":1086,\"caption\":\"Bartosz Matras\"},\"logo\":{\"@id\":\"https:\/\/ktopytaniebladzi.com\/#\/schema\/person\/image\/\"},\"sameAs\":[\"https:\/\/ktopytaniebladzi.com\/\",\"https:\/\/www.facebook.com\/bartosz.matras\",\"https:\/\/www.instagram.com\/ktopyta_niebladzi\/\",\"https:\/\/www.linkedin.com\/in\/bartosz-matras-43637b259\/\",\"https:\/\/www.youtube.com\/@ktopytaniebladzi_bm\"],\"url\":\"https:\/\/ktopytaniebladzi.com\/index.php\/author\/bartosz-kpnb\/\"}]}<\/script>\n<!-- \/ Yoast SEO plugin. -->","yoast_head_json":{"title":"Dlaczego warto zacz\u0105\u0107 medytowa\u0107? - kto pyta nie b\u0142\u0105dzi","description":"Dlaczego warto zacz\u0105\u0107 medytowa\u0107? kto pyta nie b\u0142\u0105dzi -","robots":{"index":"index","follow":"follow","max-snippet":"max-snippet:-1","max-image-preview":"max-image-preview:large","max-video-preview":"max-video-preview:-1"},"canonical":"http:\/\/ktopytaniebladzi.com\/index.php\/2025\/01\/30\/dlaczego-warto-zaczac-medytowac\/","og_locale":"pl_PL","og_type":"article","og_title":"Dlaczego warto zacz\u0105\u0107 medytowa\u0107? - kto pyta nie b\u0142\u0105dzi","og_description":"Dlaczego warto zacz\u0105\u0107 medytowa\u0107? kto pyta nie b\u0142\u0105dzi -","og_url":"http:\/\/ktopytaniebladzi.com\/index.php\/2025\/01\/30\/dlaczego-warto-zaczac-medytowac\/","og_site_name":"kto pyta nie b\u0142\u0105dzi","article_publisher":"https:\/\/www.facebook.com\/bartosz.matras","article_author":"https:\/\/www.facebook.com\/bartosz.matras","article_published_time":"2025-01-30T18:42:21+00:00","article_modified_time":"2025-01-30T18:42:22+00:00","author":"Bartosz Matras","twitter_card":"summary_large_image","twitter_misc":{"Napisane przez":"Bartosz Matras","Szacowany czas czytania":"2 minuty"},"schema":{"@context":"https:\/\/schema.org","@graph":[{"@type":"Article","@id":"http:\/\/ktopytaniebladzi.com\/index.php\/2025\/01\/30\/dlaczego-warto-zaczac-medytowac\/#article","isPartOf":{"@id":"http:\/\/ktopytaniebladzi.com\/index.php\/2025\/01\/30\/dlaczego-warto-zaczac-medytowac\/"},"author":{"name":"Bartosz Matras","@id":"https:\/\/ktopytaniebladzi.com\/#\/schema\/person\/88a1256ccb31aae1f3a4d7162116135c"},"headline":"Dlaczego warto zacz\u0105\u0107 medytowa\u0107?","datePublished":"2025-01-30T18:42:21+00:00","dateModified":"2025-01-30T18:42:22+00:00","mainEntityOfPage":{"@id":"http:\/\/ktopytaniebladzi.com\/index.php\/2025\/01\/30\/dlaczego-warto-zaczac-medytowac\/"},"wordCount":220,"commentCount":0,"publisher":{"@id":"https:\/\/ktopytaniebladzi.com\/#\/schema\/person\/88a1256ccb31aae1f3a4d7162116135c"},"articleSection":["Uncategorized"],"inLanguage":"pl-PL","potentialAction":[{"@type":"CommentAction","name":"Comment","target":["http:\/\/ktopytaniebladzi.com\/index.php\/2025\/01\/30\/dlaczego-warto-zaczac-medytowac\/#respond"]}]},{"@type":"WebPage","@id":"http:\/\/ktopytaniebladzi.com\/index.php\/2025\/01\/30\/dlaczego-warto-zaczac-medytowac\/","url":"http:\/\/ktopytaniebladzi.com\/index.php\/2025\/01\/30\/dlaczego-warto-zaczac-medytowac\/","name":"Dlaczego warto zacz\u0105\u0107 medytowa\u0107? - kto pyta nie b\u0142\u0105dzi","isPartOf":{"@id":"https:\/\/ktopytaniebladzi.com\/#website"},"datePublished":"2025-01-30T18:42:21+00:00","dateModified":"2025-01-30T18:42:22+00:00","description":"Dlaczego warto zacz\u0105\u0107 medytowa\u0107? kto pyta nie b\u0142\u0105dzi -","breadcrumb":{"@id":"http:\/\/ktopytaniebladzi.com\/index.php\/2025\/01\/30\/dlaczego-warto-zaczac-medytowac\/#breadcrumb"},"inLanguage":"pl-PL","potentialAction":[{"@type":"ReadAction","target":["http:\/\/ktopytaniebladzi.com\/index.php\/2025\/01\/30\/dlaczego-warto-zaczac-medytowac\/"]}]},{"@type":"BreadcrumbList","@id":"http:\/\/ktopytaniebladzi.com\/index.php\/2025\/01\/30\/dlaczego-warto-zaczac-medytowac\/#breadcrumb","itemListElement":[{"@type":"ListItem","position":1,"name":"Strona g\u0142\u00f3wna","item":"https:\/\/ktopytaniebladzi.com\/"},{"@type":"ListItem","position":2,"name":"Dlaczego warto zacz\u0105\u0107 medytowa\u0107?"}]},{"@type":"WebSite","@id":"https:\/\/ktopytaniebladzi.com\/#website","url":"https:\/\/ktopytaniebladzi.com\/","name":"kto pyta nie b\u0142\u0105dzi","description":"Podcast by Bartosz Matras","publisher":{"@id":"https:\/\/ktopytaniebladzi.com\/#\/schema\/person\/88a1256ccb31aae1f3a4d7162116135c"},"potentialAction":[{"@type":"SearchAction","target":{"@type":"EntryPoint","urlTemplate":"https:\/\/ktopytaniebladzi.com\/?s={search_term_string}"},"query-input":"required name=search_term_string"}],"inLanguage":"pl-PL"},{"@type":["Person","Organization"],"@id":"https:\/\/ktopytaniebladzi.com\/#\/schema\/person\/88a1256ccb31aae1f3a4d7162116135c","name":"Bartosz Matras","image":{"@type":"ImageObject","inLanguage":"pl-PL","@id":"https:\/\/ktopytaniebladzi.com\/#\/schema\/person\/image\/","url":"https:\/\/ktopytaniebladzi.com\/wp-content\/uploads\/2023\/03\/Bartosz-10.2.jpg","contentUrl":"https:\/\/ktopytaniebladzi.com\/wp-content\/uploads\/2023\/03\/Bartosz-10.2.jpg","width":724,"height":1086,"caption":"Bartosz Matras"},"logo":{"@id":"https:\/\/ktopytaniebladzi.com\/#\/schema\/person\/image\/"},"sameAs":["https:\/\/ktopytaniebladzi.com\/","https:\/\/www.facebook.com\/bartosz.matras","https:\/\/www.instagram.com\/ktopyta_niebladzi\/","https:\/\/www.linkedin.com\/in\/bartosz-matras-43637b259\/","https:\/\/www.youtube.com\/@ktopytaniebladzi_bm"],"url":"https:\/\/ktopytaniebladzi.com\/index.php\/author\/bartosz-kpnb\/"}]}},"_links":{"self":[{"href":"https:\/\/ktopytaniebladzi.com\/index.php\/wp-json\/wp\/v2\/posts\/333","targetHints":{"allow":["GET"]}}],"collection":[{"href":"https:\/\/ktopytaniebladzi.com\/index.php\/wp-json\/wp\/v2\/posts"}],"about":[{"href":"https:\/\/ktopytaniebladzi.com\/index.php\/wp-json\/wp\/v2\/types\/post"}],"author":[{"embeddable":true,"href":"https:\/\/ktopytaniebladzi.com\/index.php\/wp-json\/wp\/v2\/users\/2"}],"replies":[{"embeddable":true,"href":"https:\/\/ktopytaniebladzi.com\/index.php\/wp-json\/wp\/v2\/comments?post=333"}],"version-history":[{"count":1,"href":"https:\/\/ktopytaniebladzi.com\/index.php\/wp-json\/wp\/v2\/posts\/333\/revisions"}],"predecessor-version":[{"id":334,"href":"https:\/\/ktopytaniebladzi.com\/index.php\/wp-json\/wp\/v2\/posts\/333\/revisions\/334"}],"wp:attachment":[{"href":"https:\/\/ktopytaniebladzi.com\/index.php\/wp-json\/wp\/v2\/media?parent=333"}],"wp:term":[{"taxonomy":"category","embeddable":true,"href":"https:\/\/ktopytaniebladzi.com\/index.php\/wp-json\/wp\/v2\/categories?post=333"},{"taxonomy":"post_tag","embeddable":true,"href":"https:\/\/ktopytaniebladzi.com\/index.php\/wp-json\/wp\/v2\/tags?post=333"}],"curies":[{"name":"wp","href":"https:\/\/api.w.org\/{rel}","templated":true}]}}