{"id":331,"date":"2025-01-30T18:37:54","date_gmt":"2025-01-30T18:37:54","guid":{"rendered":"https:\/\/ktopytaniebladzi.com\/?p=331"},"modified":"2025-01-30T18:37:55","modified_gmt":"2025-01-30T18:37:55","slug":"cisza-jako-zrodlo-sily-doswiadczanie-medytacji-vipassana","status":"publish","type":"post","link":"https:\/\/ktopytaniebladzi.com\/index.php\/2025\/01\/30\/cisza-jako-zrodlo-sily-doswiadczanie-medytacji-vipassana\/","title":{"rendered":"Cisza jako \u017ar\u00f3d\u0142o si\u0142y \u2013 do\u015bwiadczanie medytacji Vipassana"},"content":{"rendered":"\n<p>\u201eCisza to \u017ar\u00f3d\u0142o wielkiej si\u0142y\u201d \u2013 Lao Tzu. W tym odcinku podcastu <strong>kto pyta nie b\u0142\u0105dzi<\/strong> Sonia \u015awi\u0105tek dzieli si\u0119 swoj\u0105 niezwyk\u0142\u0105 podr\u00f3\u017c\u0105 do O\u015brodka Medytacji Vipassana, gdzie przez 10 dni do\u015bwiadcza\u0142a g\u0142\u0119bokiej ciszy i odci\u0119cia od zewn\u0119trznego \u015bwiata. To czas, kt\u00f3ry pozwala na wejrzenie w g\u0142\u0105b siebie i odkrycie niezwyk\u0142ych pok\u0142ad\u00f3w wra\u017cliwo\u015bci i \u015bwiadomo\u015bci.<\/p>\n\n\n\n<p><strong>O czym rozmawiamy?<\/strong><br>\ud83d\udd39 Co to znaczy do\u015bwiadczy\u0107 ciszy i jak wp\u0142ywa na nasz\u0105 \u015bwiadomo\u015b\u0107?<br>\ud83d\udd39 Jakie emocje i my\u015bli pojawiaj\u0105 si\u0119 w trakcie medytacji?<br>\ud83d\udd39 Czym jest Vipassana i jak mo\u017ce pom\u00f3c w oderwaniu si\u0119 od codzienno\u015bci?<br>\ud83d\udd39 Jakie obserwacje wynikaj\u0105 z tak intensywnej pracy z samym sob\u0105?<br>\ud83d\udd39 Znaczenie oddechu i skupienia na sobie w drodze do wewn\u0119trznej r\u00f3wnowagi.<\/p>\n\n\n\n<p><strong>Dlaczego warto pos\u0142ucha\u0107?<\/strong><br>To odcinek dla tych, kt\u00f3rzy szukaj\u0105 spokoju, g\u0142\u0119bszej medytacji i chc\u0105 dowiedzie\u0107 si\u0119, jak mo\u017cna prze\u017cy\u0107 10 dni w zupe\u0142nej ciszy, by zyska\u0107 nowe spojrzenie na siebie i \u017cycie. Medytacja Vipassana to pot\u0119\u017cne narz\u0119dzie, kt\u00f3re pomaga oczy\u015bci\u0107 umys\u0142, wyciszy\u0107 emocje i nawi\u0105za\u0107 kontakt z wewn\u0119trzn\u0105 m\u0105dro\u015bci\u0105.<\/p>\n\n\n\n<p>Zapraszamy do refleksji nad tym, jak cisza mo\u017ce by\u0107 \u017ar\u00f3d\u0142em si\u0142y, spokoju i energii do dalszego rozwoju. To inspiracja do codziennej pracy nad sob\u0105, do \u015bwiadomego oddechu i zatrzymania si\u0119 na chwil\u0119 w \u015bwiecie pe\u0142nym ha\u0142asu.<\/p>\n\n\n\n<iframe style=\"border-radius:12px\" src=\"https:\/\/open.spotify.com\/embed\/episode\/7jjwyVjjUTKFChJaDD3cFy?utm_source=generator\" width=\"100%\" height=\"152\" frameBorder=\"0\" allowfullscreen=\"\" allow=\"autoplay; clipboard-write; encrypted-media; fullscreen; picture-in-picture\" loading=\"lazy\"><\/iframe>\n\n\n\n<p><strong>Zasubskrybuj kana\u0142, by by\u0107 na bie\u017c\u0105co z kolejnymi odcinkami, kt\u00f3re przynios\u0105 Ci jeszcze wi\u0119cej cennych inspiracji!<\/strong><\/p>\n\n\n\n<iframe loading=\"lazy\" width=\"560\" height=\"315\" src=\"https:\/\/www.youtube.com\/embed\/x2rzpwx1kx0?si=wTYIUL4E_D3-hbmC\" title=\"YouTube video player\" frameborder=\"0\" allow=\"accelerometer; autoplay; clipboard-write; encrypted-media; gyroscope; picture-in-picture; web-share\" referrerpolicy=\"strict-origin-when-cross-origin\" allowfullscreen><\/iframe>\n","protected":false},"excerpt":{"rendered":"<p>\u201eCisza to \u017ar\u00f3d\u0142o wielkiej si\u0142y\u201d \u2013 Lao Tzu. W tym odcinku podcastu kto pyta nie b\u0142\u0105dzi Sonia \u015awi\u0105tek dzieli si\u0119 swoj\u0105 niezwyk\u0142\u0105 podr\u00f3\u017c\u0105 do O\u015brodka Medytacji Vipassana, gdzie przez 10 dni do\u015bwiadcza\u0142a g\u0142\u0119bokiej ciszy i odci\u0119cia od zewn\u0119trznego \u015bwiata. To czas, kt\u00f3ry pozwala na wejrzenie w g\u0142\u0105b siebie i odkrycie niezwyk\u0142ych pok\u0142ad\u00f3w wra\u017cliwo\u015bci i \u015bwiadomo\u015bci. &hellip; <\/p>\n<p class=\"link-more\"><a href=\"https:\/\/ktopytaniebladzi.com\/index.php\/2025\/01\/30\/cisza-jako-zrodlo-sily-doswiadczanie-medytacji-vipassana\/\" class=\"more-link\">Read more<span class=\"screen-reader-text\"> &#8222;Cisza jako \u017ar\u00f3d\u0142o si\u0142y \u2013 do\u015bwiadczanie medytacji Vipassana&#8221;<\/span><\/a><\/p>\n","protected":false},"author":2,"featured_media":0,"comment_status":"open","ping_status":"open","sticky":false,"template":"","format":"standard","meta":{"footnotes":""},"categories":[1],"tags":[],"class_list":["post-331","post","type-post","status-publish","format-standard","hentry","category-uncategorized"],"yoast_head":"<!-- This site is optimized with the Yoast SEO plugin v20.3 - https:\/\/yoast.com\/wordpress\/plugins\/seo\/ -->\n<title>Cisza jako \u017ar\u00f3d\u0142o si\u0142y \u2013 do\u015bwiadczanie medytacji Vipassana - kto pyta nie b\u0142\u0105dzi<\/title>\n<meta name=\"description\" content=\"Cisza jako \u017ar\u00f3d\u0142o si\u0142y \u2013 do\u015bwiadczanie medytacji Vipassana kto pyta nie b\u0142\u0105dzi -\" \/>\n<meta name=\"robots\" content=\"index, follow, max-snippet:-1, max-image-preview:large, max-video-preview:-1\" \/>\n<link rel=\"canonical\" href=\"https:\/\/ktopytaniebladzi.com\/index.php\/2025\/01\/30\/cisza-jako-zrodlo-sily-doswiadczanie-medytacji-vipassana\/\" \/>\n<meta property=\"og:locale\" content=\"pl_PL\" \/>\n<meta property=\"og:type\" content=\"article\" \/>\n<meta property=\"og:title\" content=\"Cisza jako \u017ar\u00f3d\u0142o si\u0142y \u2013 do\u015bwiadczanie medytacji Vipassana - kto pyta nie b\u0142\u0105dzi\" \/>\n<meta property=\"og:description\" content=\"Cisza jako \u017ar\u00f3d\u0142o si\u0142y \u2013 do\u015bwiadczanie medytacji Vipassana kto pyta nie b\u0142\u0105dzi -\" \/>\n<meta property=\"og:url\" content=\"https:\/\/ktopytaniebladzi.com\/index.php\/2025\/01\/30\/cisza-jako-zrodlo-sily-doswiadczanie-medytacji-vipassana\/\" \/>\n<meta property=\"og:site_name\" content=\"kto pyta nie b\u0142\u0105dzi\" \/>\n<meta property=\"article:publisher\" content=\"https:\/\/www.facebook.com\/bartosz.matras\" \/>\n<meta property=\"article:author\" content=\"https:\/\/www.facebook.com\/bartosz.matras\" \/>\n<meta property=\"article:published_time\" content=\"2025-01-30T18:37:54+00:00\" \/>\n<meta property=\"article:modified_time\" content=\"2025-01-30T18:37:55+00:00\" \/>\n<meta name=\"author\" content=\"Bartosz Matras\" \/>\n<meta name=\"twitter:card\" content=\"summary_large_image\" \/>\n<meta name=\"twitter:label1\" content=\"Napisane przez\" \/>\n\t<meta name=\"twitter:data1\" content=\"Bartosz Matras\" \/>\n\t<meta name=\"twitter:label2\" content=\"Szacowany czas czytania\" \/>\n\t<meta name=\"twitter:data2\" content=\"2 minuty\" \/>\n<script type=\"application\/ld+json\" class=\"yoast-schema-graph\">{\"@context\":\"https:\/\/schema.org\",\"@graph\":[{\"@type\":\"Article\",\"@id\":\"https:\/\/ktopytaniebladzi.com\/index.php\/2025\/01\/30\/cisza-jako-zrodlo-sily-doswiadczanie-medytacji-vipassana\/#article\",\"isPartOf\":{\"@id\":\"https:\/\/ktopytaniebladzi.com\/index.php\/2025\/01\/30\/cisza-jako-zrodlo-sily-doswiadczanie-medytacji-vipassana\/\"},\"author\":{\"name\":\"Bartosz Matras\",\"@id\":\"https:\/\/ktopytaniebladzi.com\/#\/schema\/person\/88a1256ccb31aae1f3a4d7162116135c\"},\"headline\":\"Cisza jako \u017ar\u00f3d\u0142o si\u0142y \u2013 do\u015bwiadczanie medytacji Vipassana\",\"datePublished\":\"2025-01-30T18:37:54+00:00\",\"dateModified\":\"2025-01-30T18:37:55+00:00\",\"mainEntityOfPage\":{\"@id\":\"https:\/\/ktopytaniebladzi.com\/index.php\/2025\/01\/30\/cisza-jako-zrodlo-sily-doswiadczanie-medytacji-vipassana\/\"},\"wordCount\":270,\"commentCount\":0,\"publisher\":{\"@id\":\"https:\/\/ktopytaniebladzi.com\/#\/schema\/person\/88a1256ccb31aae1f3a4d7162116135c\"},\"articleSection\":[\"Uncategorized\"],\"inLanguage\":\"pl-PL\",\"potentialAction\":[{\"@type\":\"CommentAction\",\"name\":\"Comment\",\"target\":[\"https:\/\/ktopytaniebladzi.com\/index.php\/2025\/01\/30\/cisza-jako-zrodlo-sily-doswiadczanie-medytacji-vipassana\/#respond\"]}]},{\"@type\":\"WebPage\",\"@id\":\"https:\/\/ktopytaniebladzi.com\/index.php\/2025\/01\/30\/cisza-jako-zrodlo-sily-doswiadczanie-medytacji-vipassana\/\",\"url\":\"https:\/\/ktopytaniebladzi.com\/index.php\/2025\/01\/30\/cisza-jako-zrodlo-sily-doswiadczanie-medytacji-vipassana\/\",\"name\":\"Cisza jako \u017ar\u00f3d\u0142o si\u0142y \u2013 do\u015bwiadczanie medytacji Vipassana - kto pyta nie b\u0142\u0105dzi\",\"isPartOf\":{\"@id\":\"https:\/\/ktopytaniebladzi.com\/#website\"},\"datePublished\":\"2025-01-30T18:37:54+00:00\",\"dateModified\":\"2025-01-30T18:37:55+00:00\",\"description\":\"Cisza jako \u017ar\u00f3d\u0142o si\u0142y \u2013 do\u015bwiadczanie medytacji Vipassana kto pyta nie b\u0142\u0105dzi -\",\"breadcrumb\":{\"@id\":\"https:\/\/ktopytaniebladzi.com\/index.php\/2025\/01\/30\/cisza-jako-zrodlo-sily-doswiadczanie-medytacji-vipassana\/#breadcrumb\"},\"inLanguage\":\"pl-PL\",\"potentialAction\":[{\"@type\":\"ReadAction\",\"target\":[\"https:\/\/ktopytaniebladzi.com\/index.php\/2025\/01\/30\/cisza-jako-zrodlo-sily-doswiadczanie-medytacji-vipassana\/\"]}]},{\"@type\":\"BreadcrumbList\",\"@id\":\"https:\/\/ktopytaniebladzi.com\/index.php\/2025\/01\/30\/cisza-jako-zrodlo-sily-doswiadczanie-medytacji-vipassana\/#breadcrumb\",\"itemListElement\":[{\"@type\":\"ListItem\",\"position\":1,\"name\":\"Strona g\u0142\u00f3wna\",\"item\":\"https:\/\/ktopytaniebladzi.com\/\"},{\"@type\":\"ListItem\",\"position\":2,\"name\":\"Cisza jako \u017ar\u00f3d\u0142o si\u0142y \u2013 do\u015bwiadczanie medytacji Vipassana\"}]},{\"@type\":\"WebSite\",\"@id\":\"https:\/\/ktopytaniebladzi.com\/#website\",\"url\":\"https:\/\/ktopytaniebladzi.com\/\",\"name\":\"kto pyta nie b\u0142\u0105dzi\",\"description\":\"Podcast by Bartosz Matras\",\"publisher\":{\"@id\":\"https:\/\/ktopytaniebladzi.com\/#\/schema\/person\/88a1256ccb31aae1f3a4d7162116135c\"},\"potentialAction\":[{\"@type\":\"SearchAction\",\"target\":{\"@type\":\"EntryPoint\",\"urlTemplate\":\"https:\/\/ktopytaniebladzi.com\/?s={search_term_string}\"},\"query-input\":\"required name=search_term_string\"}],\"inLanguage\":\"pl-PL\"},{\"@type\":[\"Person\",\"Organization\"],\"@id\":\"https:\/\/ktopytaniebladzi.com\/#\/schema\/person\/88a1256ccb31aae1f3a4d7162116135c\",\"name\":\"Bartosz Matras\",\"image\":{\"@type\":\"ImageObject\",\"inLanguage\":\"pl-PL\",\"@id\":\"https:\/\/ktopytaniebladzi.com\/#\/schema\/person\/image\/\",\"url\":\"https:\/\/ktopytaniebladzi.com\/wp-content\/uploads\/2023\/03\/Bartosz-10.2.jpg\",\"contentUrl\":\"https:\/\/ktopytaniebladzi.com\/wp-content\/uploads\/2023\/03\/Bartosz-10.2.jpg\",\"width\":724,\"height\":1086,\"caption\":\"Bartosz Matras\"},\"logo\":{\"@id\":\"https:\/\/ktopytaniebladzi.com\/#\/schema\/person\/image\/\"},\"sameAs\":[\"https:\/\/ktopytaniebladzi.com\/\",\"https:\/\/www.facebook.com\/bartosz.matras\",\"https:\/\/www.instagram.com\/ktopyta_niebladzi\/\",\"https:\/\/www.linkedin.com\/in\/bartosz-matras-43637b259\/\",\"https:\/\/www.youtube.com\/@ktopytaniebladzi_bm\"],\"url\":\"https:\/\/ktopytaniebladzi.com\/index.php\/author\/bartosz-kpnb\/\"}]}<\/script>\n<!-- \/ Yoast SEO plugin. -->","yoast_head_json":{"title":"Cisza jako \u017ar\u00f3d\u0142o si\u0142y \u2013 do\u015bwiadczanie medytacji Vipassana - kto pyta nie b\u0142\u0105dzi","description":"Cisza jako \u017ar\u00f3d\u0142o si\u0142y \u2013 do\u015bwiadczanie medytacji Vipassana kto pyta nie b\u0142\u0105dzi -","robots":{"index":"index","follow":"follow","max-snippet":"max-snippet:-1","max-image-preview":"max-image-preview:large","max-video-preview":"max-video-preview:-1"},"canonical":"https:\/\/ktopytaniebladzi.com\/index.php\/2025\/01\/30\/cisza-jako-zrodlo-sily-doswiadczanie-medytacji-vipassana\/","og_locale":"pl_PL","og_type":"article","og_title":"Cisza jako \u017ar\u00f3d\u0142o si\u0142y \u2013 do\u015bwiadczanie medytacji Vipassana - kto pyta nie b\u0142\u0105dzi","og_description":"Cisza jako \u017ar\u00f3d\u0142o si\u0142y \u2013 do\u015bwiadczanie medytacji Vipassana kto pyta nie b\u0142\u0105dzi -","og_url":"https:\/\/ktopytaniebladzi.com\/index.php\/2025\/01\/30\/cisza-jako-zrodlo-sily-doswiadczanie-medytacji-vipassana\/","og_site_name":"kto pyta nie b\u0142\u0105dzi","article_publisher":"https:\/\/www.facebook.com\/bartosz.matras","article_author":"https:\/\/www.facebook.com\/bartosz.matras","article_published_time":"2025-01-30T18:37:54+00:00","article_modified_time":"2025-01-30T18:37:55+00:00","author":"Bartosz Matras","twitter_card":"summary_large_image","twitter_misc":{"Napisane przez":"Bartosz Matras","Szacowany czas czytania":"2 minuty"},"schema":{"@context":"https:\/\/schema.org","@graph":[{"@type":"Article","@id":"https:\/\/ktopytaniebladzi.com\/index.php\/2025\/01\/30\/cisza-jako-zrodlo-sily-doswiadczanie-medytacji-vipassana\/#article","isPartOf":{"@id":"https:\/\/ktopytaniebladzi.com\/index.php\/2025\/01\/30\/cisza-jako-zrodlo-sily-doswiadczanie-medytacji-vipassana\/"},"author":{"name":"Bartosz Matras","@id":"https:\/\/ktopytaniebladzi.com\/#\/schema\/person\/88a1256ccb31aae1f3a4d7162116135c"},"headline":"Cisza jako \u017ar\u00f3d\u0142o si\u0142y \u2013 do\u015bwiadczanie medytacji Vipassana","datePublished":"2025-01-30T18:37:54+00:00","dateModified":"2025-01-30T18:37:55+00:00","mainEntityOfPage":{"@id":"https:\/\/ktopytaniebladzi.com\/index.php\/2025\/01\/30\/cisza-jako-zrodlo-sily-doswiadczanie-medytacji-vipassana\/"},"wordCount":270,"commentCount":0,"publisher":{"@id":"https:\/\/ktopytaniebladzi.com\/#\/schema\/person\/88a1256ccb31aae1f3a4d7162116135c"},"articleSection":["Uncategorized"],"inLanguage":"pl-PL","potentialAction":[{"@type":"CommentAction","name":"Comment","target":["https:\/\/ktopytaniebladzi.com\/index.php\/2025\/01\/30\/cisza-jako-zrodlo-sily-doswiadczanie-medytacji-vipassana\/#respond"]}]},{"@type":"WebPage","@id":"https:\/\/ktopytaniebladzi.com\/index.php\/2025\/01\/30\/cisza-jako-zrodlo-sily-doswiadczanie-medytacji-vipassana\/","url":"https:\/\/ktopytaniebladzi.com\/index.php\/2025\/01\/30\/cisza-jako-zrodlo-sily-doswiadczanie-medytacji-vipassana\/","name":"Cisza jako \u017ar\u00f3d\u0142o si\u0142y \u2013 do\u015bwiadczanie medytacji Vipassana - kto pyta nie b\u0142\u0105dzi","isPartOf":{"@id":"https:\/\/ktopytaniebladzi.com\/#website"},"datePublished":"2025-01-30T18:37:54+00:00","dateModified":"2025-01-30T18:37:55+00:00","description":"Cisza jako \u017ar\u00f3d\u0142o si\u0142y \u2013 do\u015bwiadczanie medytacji Vipassana kto pyta nie b\u0142\u0105dzi -","breadcrumb":{"@id":"https:\/\/ktopytaniebladzi.com\/index.php\/2025\/01\/30\/cisza-jako-zrodlo-sily-doswiadczanie-medytacji-vipassana\/#breadcrumb"},"inLanguage":"pl-PL","potentialAction":[{"@type":"ReadAction","target":["https:\/\/ktopytaniebladzi.com\/index.php\/2025\/01\/30\/cisza-jako-zrodlo-sily-doswiadczanie-medytacji-vipassana\/"]}]},{"@type":"BreadcrumbList","@id":"https:\/\/ktopytaniebladzi.com\/index.php\/2025\/01\/30\/cisza-jako-zrodlo-sily-doswiadczanie-medytacji-vipassana\/#breadcrumb","itemListElement":[{"@type":"ListItem","position":1,"name":"Strona g\u0142\u00f3wna","item":"https:\/\/ktopytaniebladzi.com\/"},{"@type":"ListItem","position":2,"name":"Cisza jako \u017ar\u00f3d\u0142o si\u0142y \u2013 do\u015bwiadczanie medytacji Vipassana"}]},{"@type":"WebSite","@id":"https:\/\/ktopytaniebladzi.com\/#website","url":"https:\/\/ktopytaniebladzi.com\/","name":"kto pyta nie b\u0142\u0105dzi","description":"Podcast by Bartosz Matras","publisher":{"@id":"https:\/\/ktopytaniebladzi.com\/#\/schema\/person\/88a1256ccb31aae1f3a4d7162116135c"},"potentialAction":[{"@type":"SearchAction","target":{"@type":"EntryPoint","urlTemplate":"https:\/\/ktopytaniebladzi.com\/?s={search_term_string}"},"query-input":"required name=search_term_string"}],"inLanguage":"pl-PL"},{"@type":["Person","Organization"],"@id":"https:\/\/ktopytaniebladzi.com\/#\/schema\/person\/88a1256ccb31aae1f3a4d7162116135c","name":"Bartosz Matras","image":{"@type":"ImageObject","inLanguage":"pl-PL","@id":"https:\/\/ktopytaniebladzi.com\/#\/schema\/person\/image\/","url":"https:\/\/ktopytaniebladzi.com\/wp-content\/uploads\/2023\/03\/Bartosz-10.2.jpg","contentUrl":"https:\/\/ktopytaniebladzi.com\/wp-content\/uploads\/2023\/03\/Bartosz-10.2.jpg","width":724,"height":1086,"caption":"Bartosz Matras"},"logo":{"@id":"https:\/\/ktopytaniebladzi.com\/#\/schema\/person\/image\/"},"sameAs":["https:\/\/ktopytaniebladzi.com\/","https:\/\/www.facebook.com\/bartosz.matras","https:\/\/www.instagram.com\/ktopyta_niebladzi\/","https:\/\/www.linkedin.com\/in\/bartosz-matras-43637b259\/","https:\/\/www.youtube.com\/@ktopytaniebladzi_bm"],"url":"https:\/\/ktopytaniebladzi.com\/index.php\/author\/bartosz-kpnb\/"}]}},"_links":{"self":[{"href":"https:\/\/ktopytaniebladzi.com\/index.php\/wp-json\/wp\/v2\/posts\/331","targetHints":{"allow":["GET"]}}],"collection":[{"href":"https:\/\/ktopytaniebladzi.com\/index.php\/wp-json\/wp\/v2\/posts"}],"about":[{"href":"https:\/\/ktopytaniebladzi.com\/index.php\/wp-json\/wp\/v2\/types\/post"}],"author":[{"embeddable":true,"href":"https:\/\/ktopytaniebladzi.com\/index.php\/wp-json\/wp\/v2\/users\/2"}],"replies":[{"embeddable":true,"href":"https:\/\/ktopytaniebladzi.com\/index.php\/wp-json\/wp\/v2\/comments?post=331"}],"version-history":[{"count":1,"href":"https:\/\/ktopytaniebladzi.com\/index.php\/wp-json\/wp\/v2\/posts\/331\/revisions"}],"predecessor-version":[{"id":332,"href":"https:\/\/ktopytaniebladzi.com\/index.php\/wp-json\/wp\/v2\/posts\/331\/revisions\/332"}],"wp:attachment":[{"href":"https:\/\/ktopytaniebladzi.com\/index.php\/wp-json\/wp\/v2\/media?parent=331"}],"wp:term":[{"taxonomy":"category","embeddable":true,"href":"https:\/\/ktopytaniebladzi.com\/index.php\/wp-json\/wp\/v2\/categories?post=331"},{"taxonomy":"post_tag","embeddable":true,"href":"https:\/\/ktopytaniebladzi.com\/index.php\/wp-json\/wp\/v2\/tags?post=331"}],"curies":[{"name":"wp","href":"https:\/\/api.w.org\/{rel}","templated":true}]}}