{"id":307,"date":"2023-12-22T18:12:57","date_gmt":"2023-12-22T18:12:57","guid":{"rendered":"https:\/\/ktopytaniebladzi.com\/?p=307"},"modified":"2023-12-23T16:39:32","modified_gmt":"2023-12-23T16:39:32","slug":"zycie-i-smierc-jest-w-mocy-twojego-jezyka","status":"publish","type":"post","link":"https:\/\/ktopytaniebladzi.com\/index.php\/2023\/12\/22\/zycie-i-smierc-jest-w-mocy-twojego-jezyka\/","title":{"rendered":"\u017bycie i \u015bmier\u0107 jest w mocy twojego j\u0119zyka"},"content":{"rendered":"\n<iframe style=\"border-radius:12px\" src=\"https:\/\/open.spotify.com\/embed\/episode\/6MOjzWC9uhnYQtjA7dwXwD?utm_source=generator&#038;theme=0\" width=\"100%\" height=\"152\" frameBorder=\"0\" allowfullscreen=\"\" allow=\"autoplay; clipboard-write; encrypted-media; fullscreen; picture-in-picture\" loading=\"lazy\"><\/iframe>\n\n\n\n<p class=\"has-text-align-left\">S\u0142owa maj\u0105 moc dynamitu! Nale\u017cy si\u0119 z nimi obchodzi\u0107 ostro\u017cnie. <br>Kiedy si\u0119 czego\u015b boisz, zaczynasz to przyci\u0105ga\u0107. Jeste\u015b jak magnes. Obawa i l\u0119k sta\u0142y si\u0119 naszymi przyzwyczajeniami. Pora obali\u0107 te przyzwyczajenia i implementowa\u0107 inn\u0105 matryc\u0119 opart\u0105 na zaufaniu i boskim spokoju. Kiedy si\u0119 boisz, tw\u00f3j umys\u0142 przepe\u0142niaj\u0105 my\u015bli doczesne. <br>Najwi\u0119kszym powszechnym strachem jest l\u0119k przed utrat\u0105 tego, co si\u0119 posiada. Jedyn\u0105 broni\u0105, kt\u00f3r\u0105 mo\u017cesz u\u017cy\u0107 przeciwko swojemu l\u0119kowi jest s\u0142owo. Twoje s\u0142owo to r\u00f3\u017cd\u017cka przepe\u0142niona magi\u0105 i moc\u0105. Unosisz j\u0105 nad lwem i sprawiasz, \u017ce traci swoj\u0105 moc. <\/p>\n\n\n\n<p class=\"has-text-align-left\">To ju\u017c 10. odcinek mojego podcastu. Zapraszam do wys\u0142uchania tego odcinka. <br>Bartosz Matras i go\u015b\u0107, Dorota Tulej-Malik<\/p>\n\n\n\n<iframe loading=\"lazy\" width=\"560\" height=\"315\" src=\"https:\/\/www.youtube.com\/embed\/_HI2HPe1Yuw?si=2xGbQ5fg2g3kQxH5\" title=\"YouTube video player\" frameborder=\"0\" allow=\"accelerometer; autoplay; clipboard-write; encrypted-media; gyroscope; picture-in-picture; web-share\" allowfullscreen><\/iframe>\n\n\n\n<iframe style=\"border-radius:12px\" src=\"https:\/\/open.spotify.com\/embed\/episode\/2xnnZiwtNgjhvc2t6U1o5X?utm_source=generator&#038;theme=0\" width=\"100%\" height=\"152\" frameBorder=\"0\" allowfullscreen=\"\" allow=\"autoplay; clipboard-write; encrypted-media; fullscreen; picture-in-picture\" loading=\"lazy\"><\/iframe>\n","protected":false},"excerpt":{"rendered":"<p>S\u0142owa maj\u0105 moc dynamitu! Nale\u017cy si\u0119 z nimi obchodzi\u0107 ostro\u017cnie. Kiedy si\u0119 czego\u015b boisz, zaczynasz to przyci\u0105ga\u0107. Jeste\u015b jak magnes. Obawa i l\u0119k sta\u0142y si\u0119 naszymi przyzwyczajeniami. Pora obali\u0107 te przyzwyczajenia i implementowa\u0107 inn\u0105 matryc\u0119 opart\u0105 na zaufaniu i boskim spokoju. Kiedy si\u0119 boisz, tw\u00f3j umys\u0142 przepe\u0142niaj\u0105 my\u015bli doczesne. Najwi\u0119kszym powszechnym strachem jest l\u0119k przed &hellip; <\/p>\n<p class=\"link-more\"><a href=\"https:\/\/ktopytaniebladzi.com\/index.php\/2023\/12\/22\/zycie-i-smierc-jest-w-mocy-twojego-jezyka\/\" class=\"more-link\">Read more<span class=\"screen-reader-text\"> &#8222;\u017bycie i \u015bmier\u0107 jest w mocy twojego j\u0119zyka&#8221;<\/span><\/a><\/p>\n","protected":false},"author":2,"featured_media":0,"comment_status":"open","ping_status":"open","sticky":false,"template":"","format":"standard","meta":{"footnotes":""},"categories":[1],"tags":[],"class_list":["post-307","post","type-post","status-publish","format-standard","hentry","category-uncategorized"],"yoast_head":"<!-- This site is optimized with the Yoast SEO plugin v20.3 - https:\/\/yoast.com\/wordpress\/plugins\/seo\/ -->\n<title>\u017bycie i \u015bmier\u0107 jest w mocy twojego j\u0119zyka - kto pyta nie b\u0142\u0105dzi<\/title>\n<meta name=\"description\" content=\"\u017bycie i \u015bmier\u0107 jest w mocy twojego j\u0119zyka kto pyta nie b\u0142\u0105dzi Uncategorized -\" \/>\n<meta name=\"robots\" content=\"index, follow, max-snippet:-1, max-image-preview:large, max-video-preview:-1\" \/>\n<link rel=\"canonical\" href=\"https:\/\/ktopytaniebladzi.com\/index.php\/2023\/12\/22\/zycie-i-smierc-jest-w-mocy-twojego-jezyka\/\" \/>\n<meta property=\"og:locale\" content=\"pl_PL\" \/>\n<meta property=\"og:type\" content=\"article\" \/>\n<meta property=\"og:title\" content=\"\u017bycie i \u015bmier\u0107 jest w mocy twojego j\u0119zyka - kto pyta nie b\u0142\u0105dzi\" \/>\n<meta property=\"og:description\" content=\"\u017bycie i \u015bmier\u0107 jest w mocy twojego j\u0119zyka kto pyta nie b\u0142\u0105dzi Uncategorized -\" \/>\n<meta property=\"og:url\" content=\"https:\/\/ktopytaniebladzi.com\/index.php\/2023\/12\/22\/zycie-i-smierc-jest-w-mocy-twojego-jezyka\/\" \/>\n<meta property=\"og:site_name\" content=\"kto pyta nie b\u0142\u0105dzi\" \/>\n<meta property=\"article:publisher\" content=\"https:\/\/www.facebook.com\/bartosz.matras\" \/>\n<meta property=\"article:author\" content=\"https:\/\/www.facebook.com\/bartosz.matras\" \/>\n<meta property=\"article:published_time\" content=\"2023-12-22T18:12:57+00:00\" \/>\n<meta property=\"article:modified_time\" content=\"2023-12-23T16:39:32+00:00\" \/>\n<meta name=\"author\" content=\"Bartosz Matras\" \/>\n<meta name=\"twitter:card\" content=\"summary_large_image\" \/>\n<meta name=\"twitter:label1\" content=\"Napisane przez\" \/>\n\t<meta name=\"twitter:data1\" content=\"Bartosz Matras\" \/>\n\t<meta name=\"twitter:label2\" content=\"Szacowany czas czytania\" \/>\n\t<meta name=\"twitter:data2\" content=\"1 minuta\" \/>\n<script type=\"application\/ld+json\" class=\"yoast-schema-graph\">{\"@context\":\"https:\/\/schema.org\",\"@graph\":[{\"@type\":\"Article\",\"@id\":\"https:\/\/ktopytaniebladzi.com\/index.php\/2023\/12\/22\/zycie-i-smierc-jest-w-mocy-twojego-jezyka\/#article\",\"isPartOf\":{\"@id\":\"https:\/\/ktopytaniebladzi.com\/index.php\/2023\/12\/22\/zycie-i-smierc-jest-w-mocy-twojego-jezyka\/\"},\"author\":{\"name\":\"Bartosz Matras\",\"@id\":\"https:\/\/ktopytaniebladzi.com\/#\/schema\/person\/88a1256ccb31aae1f3a4d7162116135c\"},\"headline\":\"\u017bycie i \u015bmier\u0107 jest w mocy twojego j\u0119zyka\",\"datePublished\":\"2023-12-22T18:12:57+00:00\",\"dateModified\":\"2023-12-23T16:39:32+00:00\",\"mainEntityOfPage\":{\"@id\":\"https:\/\/ktopytaniebladzi.com\/index.php\/2023\/12\/22\/zycie-i-smierc-jest-w-mocy-twojego-jezyka\/\"},\"wordCount\":134,\"commentCount\":0,\"publisher\":{\"@id\":\"https:\/\/ktopytaniebladzi.com\/#\/schema\/person\/88a1256ccb31aae1f3a4d7162116135c\"},\"articleSection\":[\"Uncategorized\"],\"inLanguage\":\"pl-PL\",\"potentialAction\":[{\"@type\":\"CommentAction\",\"name\":\"Comment\",\"target\":[\"https:\/\/ktopytaniebladzi.com\/index.php\/2023\/12\/22\/zycie-i-smierc-jest-w-mocy-twojego-jezyka\/#respond\"]}]},{\"@type\":\"WebPage\",\"@id\":\"https:\/\/ktopytaniebladzi.com\/index.php\/2023\/12\/22\/zycie-i-smierc-jest-w-mocy-twojego-jezyka\/\",\"url\":\"https:\/\/ktopytaniebladzi.com\/index.php\/2023\/12\/22\/zycie-i-smierc-jest-w-mocy-twojego-jezyka\/\",\"name\":\"\u017bycie i \u015bmier\u0107 jest w mocy twojego j\u0119zyka - kto pyta nie b\u0142\u0105dzi\",\"isPartOf\":{\"@id\":\"https:\/\/ktopytaniebladzi.com\/#website\"},\"datePublished\":\"2023-12-22T18:12:57+00:00\",\"dateModified\":\"2023-12-23T16:39:32+00:00\",\"description\":\"\u017bycie i \u015bmier\u0107 jest w mocy twojego j\u0119zyka kto pyta nie b\u0142\u0105dzi Uncategorized -\",\"breadcrumb\":{\"@id\":\"https:\/\/ktopytaniebladzi.com\/index.php\/2023\/12\/22\/zycie-i-smierc-jest-w-mocy-twojego-jezyka\/#breadcrumb\"},\"inLanguage\":\"pl-PL\",\"potentialAction\":[{\"@type\":\"ReadAction\",\"target\":[\"https:\/\/ktopytaniebladzi.com\/index.php\/2023\/12\/22\/zycie-i-smierc-jest-w-mocy-twojego-jezyka\/\"]}]},{\"@type\":\"BreadcrumbList\",\"@id\":\"https:\/\/ktopytaniebladzi.com\/index.php\/2023\/12\/22\/zycie-i-smierc-jest-w-mocy-twojego-jezyka\/#breadcrumb\",\"itemListElement\":[{\"@type\":\"ListItem\",\"position\":1,\"name\":\"Strona g\u0142\u00f3wna\",\"item\":\"https:\/\/ktopytaniebladzi.com\/\"},{\"@type\":\"ListItem\",\"position\":2,\"name\":\"\u017bycie i \u015bmier\u0107 jest w mocy twojego j\u0119zyka\"}]},{\"@type\":\"WebSite\",\"@id\":\"https:\/\/ktopytaniebladzi.com\/#website\",\"url\":\"https:\/\/ktopytaniebladzi.com\/\",\"name\":\"kto pyta nie b\u0142\u0105dzi\",\"description\":\"Podcast by Bartosz Matras\",\"publisher\":{\"@id\":\"https:\/\/ktopytaniebladzi.com\/#\/schema\/person\/88a1256ccb31aae1f3a4d7162116135c\"},\"potentialAction\":[{\"@type\":\"SearchAction\",\"target\":{\"@type\":\"EntryPoint\",\"urlTemplate\":\"https:\/\/ktopytaniebladzi.com\/?s={search_term_string}\"},\"query-input\":\"required name=search_term_string\"}],\"inLanguage\":\"pl-PL\"},{\"@type\":[\"Person\",\"Organization\"],\"@id\":\"https:\/\/ktopytaniebladzi.com\/#\/schema\/person\/88a1256ccb31aae1f3a4d7162116135c\",\"name\":\"Bartosz Matras\",\"image\":{\"@type\":\"ImageObject\",\"inLanguage\":\"pl-PL\",\"@id\":\"https:\/\/ktopytaniebladzi.com\/#\/schema\/person\/image\/\",\"url\":\"https:\/\/ktopytaniebladzi.com\/wp-content\/uploads\/2023\/03\/Bartosz-10.2.jpg\",\"contentUrl\":\"https:\/\/ktopytaniebladzi.com\/wp-content\/uploads\/2023\/03\/Bartosz-10.2.jpg\",\"width\":724,\"height\":1086,\"caption\":\"Bartosz Matras\"},\"logo\":{\"@id\":\"https:\/\/ktopytaniebladzi.com\/#\/schema\/person\/image\/\"},\"sameAs\":[\"https:\/\/ktopytaniebladzi.com\/\",\"https:\/\/www.facebook.com\/bartosz.matras\",\"https:\/\/www.instagram.com\/ktopyta_niebladzi\/\",\"https:\/\/www.linkedin.com\/in\/bartosz-matras-43637b259\/\",\"https:\/\/www.youtube.com\/@ktopytaniebladzi_bm\"],\"url\":\"https:\/\/ktopytaniebladzi.com\/index.php\/author\/bartosz-kpnb\/\"}]}<\/script>\n<!-- \/ Yoast SEO plugin. -->","yoast_head_json":{"title":"\u017bycie i \u015bmier\u0107 jest w mocy twojego j\u0119zyka - kto pyta nie b\u0142\u0105dzi","description":"\u017bycie i \u015bmier\u0107 jest w mocy twojego j\u0119zyka kto pyta nie b\u0142\u0105dzi Uncategorized -","robots":{"index":"index","follow":"follow","max-snippet":"max-snippet:-1","max-image-preview":"max-image-preview:large","max-video-preview":"max-video-preview:-1"},"canonical":"https:\/\/ktopytaniebladzi.com\/index.php\/2023\/12\/22\/zycie-i-smierc-jest-w-mocy-twojego-jezyka\/","og_locale":"pl_PL","og_type":"article","og_title":"\u017bycie i \u015bmier\u0107 jest w mocy twojego j\u0119zyka - kto pyta nie b\u0142\u0105dzi","og_description":"\u017bycie i \u015bmier\u0107 jest w mocy twojego j\u0119zyka kto pyta nie b\u0142\u0105dzi Uncategorized -","og_url":"https:\/\/ktopytaniebladzi.com\/index.php\/2023\/12\/22\/zycie-i-smierc-jest-w-mocy-twojego-jezyka\/","og_site_name":"kto pyta nie b\u0142\u0105dzi","article_publisher":"https:\/\/www.facebook.com\/bartosz.matras","article_author":"https:\/\/www.facebook.com\/bartosz.matras","article_published_time":"2023-12-22T18:12:57+00:00","article_modified_time":"2023-12-23T16:39:32+00:00","author":"Bartosz Matras","twitter_card":"summary_large_image","twitter_misc":{"Napisane przez":"Bartosz Matras","Szacowany czas czytania":"1 minuta"},"schema":{"@context":"https:\/\/schema.org","@graph":[{"@type":"Article","@id":"https:\/\/ktopytaniebladzi.com\/index.php\/2023\/12\/22\/zycie-i-smierc-jest-w-mocy-twojego-jezyka\/#article","isPartOf":{"@id":"https:\/\/ktopytaniebladzi.com\/index.php\/2023\/12\/22\/zycie-i-smierc-jest-w-mocy-twojego-jezyka\/"},"author":{"name":"Bartosz Matras","@id":"https:\/\/ktopytaniebladzi.com\/#\/schema\/person\/88a1256ccb31aae1f3a4d7162116135c"},"headline":"\u017bycie i \u015bmier\u0107 jest w mocy twojego j\u0119zyka","datePublished":"2023-12-22T18:12:57+00:00","dateModified":"2023-12-23T16:39:32+00:00","mainEntityOfPage":{"@id":"https:\/\/ktopytaniebladzi.com\/index.php\/2023\/12\/22\/zycie-i-smierc-jest-w-mocy-twojego-jezyka\/"},"wordCount":134,"commentCount":0,"publisher":{"@id":"https:\/\/ktopytaniebladzi.com\/#\/schema\/person\/88a1256ccb31aae1f3a4d7162116135c"},"articleSection":["Uncategorized"],"inLanguage":"pl-PL","potentialAction":[{"@type":"CommentAction","name":"Comment","target":["https:\/\/ktopytaniebladzi.com\/index.php\/2023\/12\/22\/zycie-i-smierc-jest-w-mocy-twojego-jezyka\/#respond"]}]},{"@type":"WebPage","@id":"https:\/\/ktopytaniebladzi.com\/index.php\/2023\/12\/22\/zycie-i-smierc-jest-w-mocy-twojego-jezyka\/","url":"https:\/\/ktopytaniebladzi.com\/index.php\/2023\/12\/22\/zycie-i-smierc-jest-w-mocy-twojego-jezyka\/","name":"\u017bycie i \u015bmier\u0107 jest w mocy twojego j\u0119zyka - kto pyta nie b\u0142\u0105dzi","isPartOf":{"@id":"https:\/\/ktopytaniebladzi.com\/#website"},"datePublished":"2023-12-22T18:12:57+00:00","dateModified":"2023-12-23T16:39:32+00:00","description":"\u017bycie i \u015bmier\u0107 jest w mocy twojego j\u0119zyka kto pyta nie b\u0142\u0105dzi Uncategorized -","breadcrumb":{"@id":"https:\/\/ktopytaniebladzi.com\/index.php\/2023\/12\/22\/zycie-i-smierc-jest-w-mocy-twojego-jezyka\/#breadcrumb"},"inLanguage":"pl-PL","potentialAction":[{"@type":"ReadAction","target":["https:\/\/ktopytaniebladzi.com\/index.php\/2023\/12\/22\/zycie-i-smierc-jest-w-mocy-twojego-jezyka\/"]}]},{"@type":"BreadcrumbList","@id":"https:\/\/ktopytaniebladzi.com\/index.php\/2023\/12\/22\/zycie-i-smierc-jest-w-mocy-twojego-jezyka\/#breadcrumb","itemListElement":[{"@type":"ListItem","position":1,"name":"Strona g\u0142\u00f3wna","item":"https:\/\/ktopytaniebladzi.com\/"},{"@type":"ListItem","position":2,"name":"\u017bycie i \u015bmier\u0107 jest w mocy twojego j\u0119zyka"}]},{"@type":"WebSite","@id":"https:\/\/ktopytaniebladzi.com\/#website","url":"https:\/\/ktopytaniebladzi.com\/","name":"kto pyta nie b\u0142\u0105dzi","description":"Podcast by Bartosz Matras","publisher":{"@id":"https:\/\/ktopytaniebladzi.com\/#\/schema\/person\/88a1256ccb31aae1f3a4d7162116135c"},"potentialAction":[{"@type":"SearchAction","target":{"@type":"EntryPoint","urlTemplate":"https:\/\/ktopytaniebladzi.com\/?s={search_term_string}"},"query-input":"required name=search_term_string"}],"inLanguage":"pl-PL"},{"@type":["Person","Organization"],"@id":"https:\/\/ktopytaniebladzi.com\/#\/schema\/person\/88a1256ccb31aae1f3a4d7162116135c","name":"Bartosz Matras","image":{"@type":"ImageObject","inLanguage":"pl-PL","@id":"https:\/\/ktopytaniebladzi.com\/#\/schema\/person\/image\/","url":"https:\/\/ktopytaniebladzi.com\/wp-content\/uploads\/2023\/03\/Bartosz-10.2.jpg","contentUrl":"https:\/\/ktopytaniebladzi.com\/wp-content\/uploads\/2023\/03\/Bartosz-10.2.jpg","width":724,"height":1086,"caption":"Bartosz Matras"},"logo":{"@id":"https:\/\/ktopytaniebladzi.com\/#\/schema\/person\/image\/"},"sameAs":["https:\/\/ktopytaniebladzi.com\/","https:\/\/www.facebook.com\/bartosz.matras","https:\/\/www.instagram.com\/ktopyta_niebladzi\/","https:\/\/www.linkedin.com\/in\/bartosz-matras-43637b259\/","https:\/\/www.youtube.com\/@ktopytaniebladzi_bm"],"url":"https:\/\/ktopytaniebladzi.com\/index.php\/author\/bartosz-kpnb\/"}]}},"_links":{"self":[{"href":"https:\/\/ktopytaniebladzi.com\/index.php\/wp-json\/wp\/v2\/posts\/307","targetHints":{"allow":["GET"]}}],"collection":[{"href":"https:\/\/ktopytaniebladzi.com\/index.php\/wp-json\/wp\/v2\/posts"}],"about":[{"href":"https:\/\/ktopytaniebladzi.com\/index.php\/wp-json\/wp\/v2\/types\/post"}],"author":[{"embeddable":true,"href":"https:\/\/ktopytaniebladzi.com\/index.php\/wp-json\/wp\/v2\/users\/2"}],"replies":[{"embeddable":true,"href":"https:\/\/ktopytaniebladzi.com\/index.php\/wp-json\/wp\/v2\/comments?post=307"}],"version-history":[{"count":3,"href":"https:\/\/ktopytaniebladzi.com\/index.php\/wp-json\/wp\/v2\/posts\/307\/revisions"}],"predecessor-version":[{"id":310,"href":"https:\/\/ktopytaniebladzi.com\/index.php\/wp-json\/wp\/v2\/posts\/307\/revisions\/310"}],"wp:attachment":[{"href":"https:\/\/ktopytaniebladzi.com\/index.php\/wp-json\/wp\/v2\/media?parent=307"}],"wp:term":[{"taxonomy":"category","embeddable":true,"href":"https:\/\/ktopytaniebladzi.com\/index.php\/wp-json\/wp\/v2\/categories?post=307"},{"taxonomy":"post_tag","embeddable":true,"href":"https:\/\/ktopytaniebladzi.com\/index.php\/wp-json\/wp\/v2\/tags?post=307"}],"curies":[{"name":"wp","href":"https:\/\/api.w.org\/{rel}","templated":true}]}}