{"id":294,"date":"2023-09-06T17:33:30","date_gmt":"2023-09-06T17:33:30","guid":{"rendered":"https:\/\/ktopytaniebladzi.com\/?p=294"},"modified":"2023-09-06T17:33:31","modified_gmt":"2023-09-06T17:33:31","slug":"moje-plonace-greckie-wakacje","status":"publish","type":"post","link":"https:\/\/ktopytaniebladzi.com\/index.php\/2023\/09\/06\/moje-plonace-greckie-wakacje\/","title":{"rendered":"Moje p\u0142on\u0105ce greckie wakacje"},"content":{"rendered":"\n<p>Ko\u0144cz\u0105 si\u0119\u00a0wakacje! Jednak nie ma co narzeka\u0107 &#8211; sp\u00f3jrzmy na to <em>do g\u00f3ry nogami<\/em>. Zamiast nastawia\u0107 si\u0119\u00a0negatywnie, podejmijmy wyzwanie i nastr\u00f3jmy si\u0119\u00a0na to nowe do\u015bwiadczenie tylko dobr\u0105 energi\u0105:) <\/p>\n\n\n\n<p>Mi\u0142ego odbioru 6. odcinka podcastu <em>kto pyta nie b\u0142\u0105dzi<\/em> <\/p>\n\n\n\n<iframe loading=\"lazy\" width=\"560\" height=\"315\" src=\"https:\/\/www.youtube.com\/embed\/jC_x1jDKX0I?si=AoyxJ_JHWT1hdgZY\" title=\"YouTube video player\" frameborder=\"0\" allow=\"accelerometer; autoplay; clipboard-write; encrypted-media; gyroscope; picture-in-picture; web-share\" allowfullscreen><\/iframe>\n\n\n\n<iframe style=\"border-radius:12px\" src=\"https:\/\/open.spotify.com\/embed\/episode\/7ApR2q4qgGlROAnvT5aeYv?utm_source=generator\" width=\"100%\" height=\"152\" frameBorder=\"0\" allowfullscreen=\"\" allow=\"autoplay; clipboard-write; encrypted-media; fullscreen; picture-in-picture\" loading=\"lazy\"><\/iframe>\n\n\n\n<p>Bartosz Matras i Go\u015b\u0107 &#8211; Dorota Tulej-Malik<\/p>\n\n\n\n<p>PS Czekamy na Wasze opinie:)<\/p>\n","protected":false},"excerpt":{"rendered":"<p>Ko\u0144cz\u0105 si\u0119\u00a0wakacje! Jednak nie ma co narzeka\u0107 &#8211; sp\u00f3jrzmy na to do g\u00f3ry nogami. Zamiast nastawia\u0107 si\u0119\u00a0negatywnie, podejmijmy wyzwanie i nastr\u00f3jmy si\u0119\u00a0na to nowe do\u015bwiadczenie tylko dobr\u0105 energi\u0105:) Mi\u0142ego odbioru 6. odcinka podcastu kto pyta nie b\u0142\u0105dzi Bartosz Matras i Go\u015b\u0107 &#8211; Dorota Tulej-Malik PS Czekamy na Wasze opinie:)<\/p>\n","protected":false},"author":2,"featured_media":0,"comment_status":"open","ping_status":"open","sticky":false,"template":"","format":"standard","meta":{"footnotes":""},"categories":[1],"tags":[],"class_list":["post-294","post","type-post","status-publish","format-standard","hentry","category-uncategorized"],"yoast_head":"<!-- This site is optimized with the Yoast SEO plugin v20.3 - https:\/\/yoast.com\/wordpress\/plugins\/seo\/ -->\n<title>Moje p\u0142on\u0105ce greckie wakacje - kto pyta nie b\u0142\u0105dzi<\/title>\n<meta name=\"description\" content=\"Moje p\u0142on\u0105ce greckie wakacje kto pyta nie b\u0142\u0105dzi -\" \/>\n<meta name=\"robots\" content=\"index, follow, max-snippet:-1, max-image-preview:large, max-video-preview:-1\" \/>\n<link rel=\"canonical\" href=\"https:\/\/ktopytaniebladzi.com\/index.php\/2023\/09\/06\/moje-plonace-greckie-wakacje\/\" \/>\n<meta property=\"og:locale\" content=\"pl_PL\" \/>\n<meta property=\"og:type\" content=\"article\" \/>\n<meta property=\"og:title\" content=\"Moje p\u0142on\u0105ce greckie wakacje - kto pyta nie b\u0142\u0105dzi\" \/>\n<meta property=\"og:description\" content=\"Moje p\u0142on\u0105ce greckie wakacje kto pyta nie b\u0142\u0105dzi -\" \/>\n<meta property=\"og:url\" content=\"https:\/\/ktopytaniebladzi.com\/index.php\/2023\/09\/06\/moje-plonace-greckie-wakacje\/\" \/>\n<meta property=\"og:site_name\" content=\"kto pyta nie b\u0142\u0105dzi\" \/>\n<meta property=\"article:publisher\" content=\"https:\/\/www.facebook.com\/bartosz.matras\" \/>\n<meta property=\"article:author\" content=\"https:\/\/www.facebook.com\/bartosz.matras\" \/>\n<meta property=\"article:published_time\" content=\"2023-09-06T17:33:30+00:00\" \/>\n<meta property=\"article:modified_time\" content=\"2023-09-06T17:33:31+00:00\" \/>\n<meta name=\"author\" content=\"Bartosz Matras\" \/>\n<meta name=\"twitter:card\" content=\"summary_large_image\" \/>\n<meta name=\"twitter:label1\" content=\"Napisane przez\" \/>\n\t<meta name=\"twitter:data1\" content=\"Bartosz Matras\" \/>\n\t<meta name=\"twitter:label2\" content=\"Szacowany czas czytania\" \/>\n\t<meta name=\"twitter:data2\" content=\"1 minuta\" \/>\n<script type=\"application\/ld+json\" class=\"yoast-schema-graph\">{\"@context\":\"https:\/\/schema.org\",\"@graph\":[{\"@type\":\"Article\",\"@id\":\"https:\/\/ktopytaniebladzi.com\/index.php\/2023\/09\/06\/moje-plonace-greckie-wakacje\/#article\",\"isPartOf\":{\"@id\":\"https:\/\/ktopytaniebladzi.com\/index.php\/2023\/09\/06\/moje-plonace-greckie-wakacje\/\"},\"author\":{\"name\":\"Bartosz Matras\",\"@id\":\"https:\/\/ktopytaniebladzi.com\/#\/schema\/person\/88a1256ccb31aae1f3a4d7162116135c\"},\"headline\":\"Moje p\u0142on\u0105ce greckie wakacje\",\"datePublished\":\"2023-09-06T17:33:30+00:00\",\"dateModified\":\"2023-09-06T17:33:31+00:00\",\"mainEntityOfPage\":{\"@id\":\"https:\/\/ktopytaniebladzi.com\/index.php\/2023\/09\/06\/moje-plonace-greckie-wakacje\/\"},\"wordCount\":64,\"commentCount\":0,\"publisher\":{\"@id\":\"https:\/\/ktopytaniebladzi.com\/#\/schema\/person\/88a1256ccb31aae1f3a4d7162116135c\"},\"articleSection\":[\"Uncategorized\"],\"inLanguage\":\"pl-PL\",\"potentialAction\":[{\"@type\":\"CommentAction\",\"name\":\"Comment\",\"target\":[\"https:\/\/ktopytaniebladzi.com\/index.php\/2023\/09\/06\/moje-plonace-greckie-wakacje\/#respond\"]}]},{\"@type\":\"WebPage\",\"@id\":\"https:\/\/ktopytaniebladzi.com\/index.php\/2023\/09\/06\/moje-plonace-greckie-wakacje\/\",\"url\":\"https:\/\/ktopytaniebladzi.com\/index.php\/2023\/09\/06\/moje-plonace-greckie-wakacje\/\",\"name\":\"Moje p\u0142on\u0105ce greckie wakacje - kto pyta nie b\u0142\u0105dzi\",\"isPartOf\":{\"@id\":\"https:\/\/ktopytaniebladzi.com\/#website\"},\"datePublished\":\"2023-09-06T17:33:30+00:00\",\"dateModified\":\"2023-09-06T17:33:31+00:00\",\"description\":\"Moje p\u0142on\u0105ce greckie wakacje kto pyta nie b\u0142\u0105dzi -\",\"breadcrumb\":{\"@id\":\"https:\/\/ktopytaniebladzi.com\/index.php\/2023\/09\/06\/moje-plonace-greckie-wakacje\/#breadcrumb\"},\"inLanguage\":\"pl-PL\",\"potentialAction\":[{\"@type\":\"ReadAction\",\"target\":[\"https:\/\/ktopytaniebladzi.com\/index.php\/2023\/09\/06\/moje-plonace-greckie-wakacje\/\"]}]},{\"@type\":\"BreadcrumbList\",\"@id\":\"https:\/\/ktopytaniebladzi.com\/index.php\/2023\/09\/06\/moje-plonace-greckie-wakacje\/#breadcrumb\",\"itemListElement\":[{\"@type\":\"ListItem\",\"position\":1,\"name\":\"Strona g\u0142\u00f3wna\",\"item\":\"https:\/\/ktopytaniebladzi.com\/\"},{\"@type\":\"ListItem\",\"position\":2,\"name\":\"Moje p\u0142on\u0105ce greckie wakacje\"}]},{\"@type\":\"WebSite\",\"@id\":\"https:\/\/ktopytaniebladzi.com\/#website\",\"url\":\"https:\/\/ktopytaniebladzi.com\/\",\"name\":\"kto pyta nie b\u0142\u0105dzi\",\"description\":\"Podcast by Bartosz Matras\",\"publisher\":{\"@id\":\"https:\/\/ktopytaniebladzi.com\/#\/schema\/person\/88a1256ccb31aae1f3a4d7162116135c\"},\"potentialAction\":[{\"@type\":\"SearchAction\",\"target\":{\"@type\":\"EntryPoint\",\"urlTemplate\":\"https:\/\/ktopytaniebladzi.com\/?s={search_term_string}\"},\"query-input\":\"required name=search_term_string\"}],\"inLanguage\":\"pl-PL\"},{\"@type\":[\"Person\",\"Organization\"],\"@id\":\"https:\/\/ktopytaniebladzi.com\/#\/schema\/person\/88a1256ccb31aae1f3a4d7162116135c\",\"name\":\"Bartosz Matras\",\"image\":{\"@type\":\"ImageObject\",\"inLanguage\":\"pl-PL\",\"@id\":\"https:\/\/ktopytaniebladzi.com\/#\/schema\/person\/image\/\",\"url\":\"https:\/\/ktopytaniebladzi.com\/wp-content\/uploads\/2023\/03\/Bartosz-10.2.jpg\",\"contentUrl\":\"https:\/\/ktopytaniebladzi.com\/wp-content\/uploads\/2023\/03\/Bartosz-10.2.jpg\",\"width\":724,\"height\":1086,\"caption\":\"Bartosz Matras\"},\"logo\":{\"@id\":\"https:\/\/ktopytaniebladzi.com\/#\/schema\/person\/image\/\"},\"sameAs\":[\"https:\/\/ktopytaniebladzi.com\/\",\"https:\/\/www.facebook.com\/bartosz.matras\",\"https:\/\/www.instagram.com\/ktopyta_niebladzi\/\",\"https:\/\/www.linkedin.com\/in\/bartosz-matras-43637b259\/\",\"https:\/\/www.youtube.com\/@ktopytaniebladzi_bm\"],\"url\":\"https:\/\/ktopytaniebladzi.com\/index.php\/author\/bartosz-kpnb\/\"}]}<\/script>\n<!-- \/ Yoast SEO plugin. -->","yoast_head_json":{"title":"Moje p\u0142on\u0105ce greckie wakacje - kto pyta nie b\u0142\u0105dzi","description":"Moje p\u0142on\u0105ce greckie wakacje kto pyta nie b\u0142\u0105dzi -","robots":{"index":"index","follow":"follow","max-snippet":"max-snippet:-1","max-image-preview":"max-image-preview:large","max-video-preview":"max-video-preview:-1"},"canonical":"https:\/\/ktopytaniebladzi.com\/index.php\/2023\/09\/06\/moje-plonace-greckie-wakacje\/","og_locale":"pl_PL","og_type":"article","og_title":"Moje p\u0142on\u0105ce greckie wakacje - kto pyta nie b\u0142\u0105dzi","og_description":"Moje p\u0142on\u0105ce greckie wakacje kto pyta nie b\u0142\u0105dzi -","og_url":"https:\/\/ktopytaniebladzi.com\/index.php\/2023\/09\/06\/moje-plonace-greckie-wakacje\/","og_site_name":"kto pyta nie b\u0142\u0105dzi","article_publisher":"https:\/\/www.facebook.com\/bartosz.matras","article_author":"https:\/\/www.facebook.com\/bartosz.matras","article_published_time":"2023-09-06T17:33:30+00:00","article_modified_time":"2023-09-06T17:33:31+00:00","author":"Bartosz Matras","twitter_card":"summary_large_image","twitter_misc":{"Napisane przez":"Bartosz Matras","Szacowany czas czytania":"1 minuta"},"schema":{"@context":"https:\/\/schema.org","@graph":[{"@type":"Article","@id":"https:\/\/ktopytaniebladzi.com\/index.php\/2023\/09\/06\/moje-plonace-greckie-wakacje\/#article","isPartOf":{"@id":"https:\/\/ktopytaniebladzi.com\/index.php\/2023\/09\/06\/moje-plonace-greckie-wakacje\/"},"author":{"name":"Bartosz Matras","@id":"https:\/\/ktopytaniebladzi.com\/#\/schema\/person\/88a1256ccb31aae1f3a4d7162116135c"},"headline":"Moje p\u0142on\u0105ce greckie wakacje","datePublished":"2023-09-06T17:33:30+00:00","dateModified":"2023-09-06T17:33:31+00:00","mainEntityOfPage":{"@id":"https:\/\/ktopytaniebladzi.com\/index.php\/2023\/09\/06\/moje-plonace-greckie-wakacje\/"},"wordCount":64,"commentCount":0,"publisher":{"@id":"https:\/\/ktopytaniebladzi.com\/#\/schema\/person\/88a1256ccb31aae1f3a4d7162116135c"},"articleSection":["Uncategorized"],"inLanguage":"pl-PL","potentialAction":[{"@type":"CommentAction","name":"Comment","target":["https:\/\/ktopytaniebladzi.com\/index.php\/2023\/09\/06\/moje-plonace-greckie-wakacje\/#respond"]}]},{"@type":"WebPage","@id":"https:\/\/ktopytaniebladzi.com\/index.php\/2023\/09\/06\/moje-plonace-greckie-wakacje\/","url":"https:\/\/ktopytaniebladzi.com\/index.php\/2023\/09\/06\/moje-plonace-greckie-wakacje\/","name":"Moje p\u0142on\u0105ce greckie wakacje - kto pyta nie b\u0142\u0105dzi","isPartOf":{"@id":"https:\/\/ktopytaniebladzi.com\/#website"},"datePublished":"2023-09-06T17:33:30+00:00","dateModified":"2023-09-06T17:33:31+00:00","description":"Moje p\u0142on\u0105ce greckie wakacje kto pyta nie b\u0142\u0105dzi -","breadcrumb":{"@id":"https:\/\/ktopytaniebladzi.com\/index.php\/2023\/09\/06\/moje-plonace-greckie-wakacje\/#breadcrumb"},"inLanguage":"pl-PL","potentialAction":[{"@type":"ReadAction","target":["https:\/\/ktopytaniebladzi.com\/index.php\/2023\/09\/06\/moje-plonace-greckie-wakacje\/"]}]},{"@type":"BreadcrumbList","@id":"https:\/\/ktopytaniebladzi.com\/index.php\/2023\/09\/06\/moje-plonace-greckie-wakacje\/#breadcrumb","itemListElement":[{"@type":"ListItem","position":1,"name":"Strona g\u0142\u00f3wna","item":"https:\/\/ktopytaniebladzi.com\/"},{"@type":"ListItem","position":2,"name":"Moje p\u0142on\u0105ce greckie wakacje"}]},{"@type":"WebSite","@id":"https:\/\/ktopytaniebladzi.com\/#website","url":"https:\/\/ktopytaniebladzi.com\/","name":"kto pyta nie b\u0142\u0105dzi","description":"Podcast by Bartosz Matras","publisher":{"@id":"https:\/\/ktopytaniebladzi.com\/#\/schema\/person\/88a1256ccb31aae1f3a4d7162116135c"},"potentialAction":[{"@type":"SearchAction","target":{"@type":"EntryPoint","urlTemplate":"https:\/\/ktopytaniebladzi.com\/?s={search_term_string}"},"query-input":"required name=search_term_string"}],"inLanguage":"pl-PL"},{"@type":["Person","Organization"],"@id":"https:\/\/ktopytaniebladzi.com\/#\/schema\/person\/88a1256ccb31aae1f3a4d7162116135c","name":"Bartosz Matras","image":{"@type":"ImageObject","inLanguage":"pl-PL","@id":"https:\/\/ktopytaniebladzi.com\/#\/schema\/person\/image\/","url":"https:\/\/ktopytaniebladzi.com\/wp-content\/uploads\/2023\/03\/Bartosz-10.2.jpg","contentUrl":"https:\/\/ktopytaniebladzi.com\/wp-content\/uploads\/2023\/03\/Bartosz-10.2.jpg","width":724,"height":1086,"caption":"Bartosz Matras"},"logo":{"@id":"https:\/\/ktopytaniebladzi.com\/#\/schema\/person\/image\/"},"sameAs":["https:\/\/ktopytaniebladzi.com\/","https:\/\/www.facebook.com\/bartosz.matras","https:\/\/www.instagram.com\/ktopyta_niebladzi\/","https:\/\/www.linkedin.com\/in\/bartosz-matras-43637b259\/","https:\/\/www.youtube.com\/@ktopytaniebladzi_bm"],"url":"https:\/\/ktopytaniebladzi.com\/index.php\/author\/bartosz-kpnb\/"}]}},"_links":{"self":[{"href":"https:\/\/ktopytaniebladzi.com\/index.php\/wp-json\/wp\/v2\/posts\/294","targetHints":{"allow":["GET"]}}],"collection":[{"href":"https:\/\/ktopytaniebladzi.com\/index.php\/wp-json\/wp\/v2\/posts"}],"about":[{"href":"https:\/\/ktopytaniebladzi.com\/index.php\/wp-json\/wp\/v2\/types\/post"}],"author":[{"embeddable":true,"href":"https:\/\/ktopytaniebladzi.com\/index.php\/wp-json\/wp\/v2\/users\/2"}],"replies":[{"embeddable":true,"href":"https:\/\/ktopytaniebladzi.com\/index.php\/wp-json\/wp\/v2\/comments?post=294"}],"version-history":[{"count":1,"href":"https:\/\/ktopytaniebladzi.com\/index.php\/wp-json\/wp\/v2\/posts\/294\/revisions"}],"predecessor-version":[{"id":295,"href":"https:\/\/ktopytaniebladzi.com\/index.php\/wp-json\/wp\/v2\/posts\/294\/revisions\/295"}],"wp:attachment":[{"href":"https:\/\/ktopytaniebladzi.com\/index.php\/wp-json\/wp\/v2\/media?parent=294"}],"wp:term":[{"taxonomy":"category","embeddable":true,"href":"https:\/\/ktopytaniebladzi.com\/index.php\/wp-json\/wp\/v2\/categories?post=294"},{"taxonomy":"post_tag","embeddable":true,"href":"https:\/\/ktopytaniebladzi.com\/index.php\/wp-json\/wp\/v2\/tags?post=294"}],"curies":[{"name":"wp","href":"https:\/\/api.w.org\/{rel}","templated":true}]}}